{"id":4091,"date":"2024-03-05T11:15:33","date_gmt":"2024-03-05T10:15:33","guid":{"rendered":"https:\/\/martatrigas.com\/?p=4091"},"modified":"2024-04-30T17:17:46","modified_gmt":"2024-04-30T16:17:46","slug":"passivhaus-biduido","status":"publish","type":"post","link":"https:\/\/martatrigas.com\/gl\/passivhaus-biduido\/","title":{"rendered":"Casa Passivhaus en Bidu\u00eddo"},"content":{"rendered":"\t\t<div data-elementor-type=\"wp-post\" data-elementor-id=\"4091\" class=\"elementor elementor-4091\" data-elementor-post-type=\"post\">\n\t\t\t\t\t\t<section class=\"elementor-section elementor-top-section elementor-element elementor-element-2413e0a5 elementor-section-full_width elementor-section-height-default elementor-section-height-default\" data-id=\"2413e0a5\" data-element_type=\"section\" data-e-type=\"section\">\n\t\t\t\t\t\t<div class=\"elementor-container elementor-column-gap-default\">\n\t\t\t\t\t<div class=\"elementor-column elementor-col-50 elementor-top-column elementor-element elementor-element-67caa4b8\" data-id=\"67caa4b8\" data-element_type=\"column\" data-e-type=\"column\">\n\t\t\t<div class=\"elementor-widget-wrap elementor-element-populated\">\n\t\t\t\t\t\t<div class=\"elementor-element elementor-element-2fa2e9c elementor-hidden-desktop elementor-hidden-tablet elementor-widget elementor-widget-post-navigation\" data-id=\"2fa2e9c\" data-element_type=\"widget\" data-e-type=\"widget\" data-widget_type=\"post-navigation.default\">\n\t\t\t\t\t\t\t<div class=\"elementor-post-navigation\">\n\t\t\t<div class=\"elementor-post-navigation__prev elementor-post-navigation__link\">\n\t\t\t\t\t\t\t<\/div>\n\t\t\t\t\t\t<div class=\"elementor-post-navigation__next elementor-post-navigation__link\">\n\t\t\t\t<a href=\"https:\/\/martatrigas.com\/gl\/passivhaus-mera\/\" rel=\"next\"><span class=\"elementor-post-navigation__link__next\"><span class=\"post-navigation__next--label\">Seguinte<\/span><span class=\"post-navigation__next--title\">Casa Passivhaus en Mera<\/span><\/span><span class=\"post-navigation__arrow-wrapper post-navigation__arrow-next\"><i class=\"fa fa-angle-right\" aria-hidden=\"true\"><\/i><span class=\"elementor-screen-only\">Next<\/span><\/span><\/a>\t\t\t<\/div>\n\t\t<\/div>\n\t\t\t\t\t\t<\/div>\n\t\t\t\t<div class=\"elementor-element elementor-element-20b60b78 elementor-widget elementor-widget-heading\" data-id=\"20b60b78\" data-element_type=\"widget\" data-e-type=\"widget\" data-widget_type=\"heading.default\">\n\t\t\t\t\t<h5 class=\"elementor-heading-title elementor-size-default\">Casa Passivhaus en Bidu\u00eddo<\/h5>\t\t\t\t<\/div>\n\t\t\t\t<div class=\"elementor-element elementor-element-458a5050 elementor-widget elementor-widget-heading\" data-id=\"458a5050\" data-element_type=\"widget\" data-e-type=\"widget\" data-widget_type=\"heading.default\">\n\t\t\t\t\t<h2 class=\"elementor-heading-title elementor-size-default\">ESTE PROXECTO AFORRA<\/h2>\t\t\t\t<\/div>\n\t\t\t\t<div class=\"elementor-element elementor-element-5890af11 elementor-widget elementor-widget-heading\" data-id=\"5890af11\" data-element_type=\"widget\" data-e-type=\"widget\" data-widget_type=\"heading.default\">\n\t\t\t\t\t<h2 class=\"elementor-heading-title elementor-size-default\">2241,996 kgCO<sub>2<\/sub>\/ano\n<\/h2>\t\t\t\t<\/div>\n\t\t\t\t<div class=\"elementor-element elementor-element-2521b9e0 elementor-widget elementor-widget-text-editor\" data-id=\"2521b9e0\" data-element_type=\"widget\" data-e-type=\"widget\" data-widget_type=\"text-editor.default\">\n\t\t\t\t\t\t\t\t\t<p><strong>CERTIFICACI\u00d3N<\/strong><br \/>Passivhaus<\/p><p><strong>DEMANDA DE CALEFACCI\u00d3N<\/strong><br \/>13,25 kwh\/m2a<\/p><p><strong>DEMANDA DE REFRIXERACI\u00d3N<\/strong><br \/>&#8211; &#8211; kwh\/m2a<\/p><p><strong>DEMANDA DE ENERX\u00cdA PRIMARIA<\/strong><br \/>85,02 kwh\/m2a<\/p><p><strong>HERMETICIDADE DO AIRE<\/strong><br \/>0,6 renovaci\u00f3ns\/h<\/p>\t\t\t\t\t\t\t\t<\/div>\n\t\t\t\t<div class=\"elementor-element elementor-element-6ba3a9c3 elementor-widget elementor-widget-text-editor\" data-id=\"6ba3a9c3\" data-element_type=\"widget\" data-e-type=\"widget\" data-settings=\"{&quot;sticky&quot;:&quot;top&quot;,&quot;sticky_offset&quot;:100,&quot;sticky_parent&quot;:&quot;yes&quot;,&quot;sticky_on&quot;:[&quot;desktop&quot;,&quot;tablet&quot;,&quot;mobile&quot;],&quot;sticky_effects_offset&quot;:0,&quot;sticky_anchor_link_offset&quot;:0}\" data-widget_type=\"text-editor.default\">\n\t\t\t\t\t\t\t\t\t<p>A casa Passivhaus, est\u00e1 situada en Bidu\u00eddo de Arriba, unha pequena aldea preto de Santiago de Compostela.<\/p><p>O edificio est\u00e1 dese\u00f1ado nun plano en forma de L para acadar a maior lonxitude da fachada con orientaci\u00f3n sur e sur oeste, aproveitando ao m\u00e1ximo as ganancias solares e a comunicaci\u00f3n co xard\u00edn.<\/p><p>A casa est\u00e1 constru\u00edda con\u00a0<b>materiais de baixo impacto ambiental<\/b>, paredes de madeira laminadas cruzadas\u00a0<b>(CLT de pi\u00f1eiro galego)<\/b>\u00a0e<b>\u00a0illamento de la de roca natural<\/b>\u00a0para o\u00a0<b>SATE\u00a0<\/b>e as fachadas acabadas en\u00a0<b>pedra<\/b>.<\/p><p>A\u00a0<b>carpinter\u00eda<\/b>\u00a0est\u00e1 feita de\u00a0<b>PVC e vidro triplo<\/b>\u00a0de altas prestaci\u00f3ns para mellorar o rendemento enerx\u00e9tico do fogar no clima da zona, con invernos fr\u00edos e ver\u00e1ns calorosos. Para mellorar o comportamento t\u00e9rmico no ver\u00e1n, dese\u00f1ouse un\u00a0<b>soportal perimetral\u00a0<\/b>ao redor da casa cara ao xard\u00edn e unhas\u00a0<b>contravent\u00e1s\u00a0<\/b>con list\u00f3ns fixos de madeira colocados no exterior das fiestras que mitiguen a incidencia do sol nos meses m\u00e1is calorosos.<\/p><p>A climatizaci\u00f3n da vivenda forn\u00e9cese mediante\u00a0<b>ventilaci\u00f3n mec\u00e1nica de aire con recuperaci\u00f3n de calo<\/b>r e unha<b>\u00a0bater\u00eda el\u00e9ctrica<\/b>\u00a0de pos tratamento para o m\u00e1ximo confort.<\/p><p><strong>\u00a0<\/strong><\/p><p><strong>ACTORES<\/strong><\/p><p>Arquitectura: Marta Trig\u00e1s<br \/>Arquitectura t\u00e9cnica e enxe\u00f1er\u00eda:\u00a0<a href=\"https:\/\/alcearquitectura.com\/\">Alce Arquitectura<\/a><br \/>Estrutura:\u00a0<a href=\"https:\/\/escuadria.com\/\">Escuadr\u00eda<\/a><br \/>Construcci\u00f3n: EDMC<a href=\"https:\/\/edmcasas.com\/\" target=\"_blank\" rel=\"noopener\">ASAS<\/a><\/p>\t\t\t\t\t\t\t\t<\/div>\n\t\t\t\t\t<\/div>\n\t\t<\/div>\n\t\t\t\t<div class=\"elementor-column elementor-col-50 elementor-top-column elementor-element elementor-element-475171bd\" data-id=\"475171bd\" data-element_type=\"column\" data-e-type=\"column\">\n\t\t\t<div class=\"elementor-widget-wrap elementor-element-populated\">\n\t\t\t\t\t\t<div class=\"elementor-element elementor-element-281b2a38 elementor-hidden-mobile elementor-widget elementor-widget-post-navigation\" data-id=\"281b2a38\" data-element_type=\"widget\" data-e-type=\"widget\" data-widget_type=\"post-navigation.default\">\n\t\t\t\t\t\t\t<div class=\"elementor-post-navigation\">\n\t\t\t<div class=\"elementor-post-navigation__prev elementor-post-navigation__link\">\n\t\t\t\t\t\t\t<\/div>\n\t\t\t\t\t\t<div class=\"elementor-post-navigation__next elementor-post-navigation__link\">\n\t\t\t\t<a href=\"https:\/\/martatrigas.com\/gl\/passivhaus-mera\/\" rel=\"next\"><span class=\"elementor-post-navigation__link__next\"><span class=\"post-navigation__next--label\">Seguinte<\/span><span class=\"post-navigation__next--title\">Casa Passivhaus en Mera<\/span><\/span><span class=\"post-navigation__arrow-wrapper post-navigation__arrow-next\"><i class=\"fa fa-angle-right\" aria-hidden=\"true\"><\/i><span class=\"elementor-screen-only\">Next<\/span><\/span><\/a>\t\t\t<\/div>\n\t\t<\/div>\n\t\t\t\t\t\t<\/div>\n\t\t\t\t<div class=\"elementor-element elementor-element-4187b626 elementor-widget elementor-widget-gallery\" data-id=\"4187b626\" data-element_type=\"widget\" data-e-type=\"widget\" data-settings=\"{&quot;gallery_layout&quot;:&quot;justified&quot;,&quot;ideal_row_height&quot;:{&quot;unit&quot;:&quot;px&quot;,&quot;size&quot;:500,&quot;sizes&quot;:[]},&quot;gap&quot;:{&quot;unit&quot;:&quot;px&quot;,&quot;size&quot;:15,&quot;sizes&quot;:[]},&quot;_animation&quot;:&quot;none&quot;,&quot;ideal_row_height_tablet&quot;:{&quot;unit&quot;:&quot;px&quot;,&quot;size&quot;:150,&quot;sizes&quot;:[]},&quot;ideal_row_height_mobile&quot;:{&quot;unit&quot;:&quot;px&quot;,&quot;size&quot;:150,&quot;sizes&quot;:[]},&quot;gap_tablet&quot;:{&quot;unit&quot;:&quot;px&quot;,&quot;size&quot;:10,&quot;sizes&quot;:[]},&quot;gap_mobile&quot;:{&quot;unit&quot;:&quot;px&quot;,&quot;size&quot;:10,&quot;sizes&quot;:[]},&quot;link_to&quot;:&quot;file&quot;}\" data-widget_type=\"gallery.default\">\n\t\t\t\t\t\t\t<div class=\"elementor-gallery__container\">\n\t\t\t\t\t\t\t<a class=\"e-gallery-item elementor-gallery-item\" href=\"https:\/\/martatrigas.com\/wp-content\/uploads\/2021\/03\/Biduido-1-1.jpg\" data-elementor-open-lightbox=\"yes\" data-elementor-lightbox-slideshow=\"4187b626\" data-elementor-lightbox-title=\"Bidu\u00eddo 1\" data-e-action-hash=\"#elementor-action%3Aaction%3Dlightbox%26settings%3DeyJpZCI6MzE3MCwidXJsIjoiaHR0cHM6XC9cL21hcnRhdHJpZ2FzLmNvbVwvd3AtY29udGVudFwvdXBsb2Fkc1wvMjAyMVwvMDNcL0JpZHVpZG8tMS0xLmpwZyIsInNsaWRlc2hvdyI6IjQxODdiNjI2In0%3D\">\n\t\t\t\t\t<div class=\"e-gallery-image elementor-gallery-item__image\" data-thumbnail=\"https:\/\/martatrigas.com\/wp-content\/uploads\/2021\/03\/Biduido-1-1-1024x640.jpg\" data-width=\"1024\" data-height=\"640\" aria-label=\"\" role=\"img\" ><\/div>\n\t\t\t\t\t\t\t\t\t\t\t\t\t\t<\/a>\n\t\t\t\t\t\t\t<a class=\"e-gallery-item elementor-gallery-item\" href=\"https:\/\/martatrigas.com\/wp-content\/uploads\/2021\/03\/Biduido-3.jpg\" data-elementor-open-lightbox=\"yes\" data-elementor-lightbox-slideshow=\"4187b626\" data-elementor-lightbox-title=\"Bidu\u00eddo 3\" data-e-action-hash=\"#elementor-action%3Aaction%3Dlightbox%26settings%3DeyJpZCI6MzE2MywidXJsIjoiaHR0cHM6XC9cL21hcnRhdHJpZ2FzLmNvbVwvd3AtY29udGVudFwvdXBsb2Fkc1wvMjAyMVwvMDNcL0JpZHVpZG8tMy5qcGciLCJzbGlkZXNob3ciOiI0MTg3YjYyNiJ9\">\n\t\t\t\t\t<div class=\"e-gallery-image elementor-gallery-item__image\" data-thumbnail=\"https:\/\/martatrigas.com\/wp-content\/uploads\/2021\/03\/Biduido-3-1024x640.jpg\" data-width=\"1024\" data-height=\"640\" aria-label=\"\" role=\"img\" ><\/div>\n\t\t\t\t\t\t\t\t\t\t\t\t\t\t<\/a>\n\t\t\t\t\t\t\t<a class=\"e-gallery-item elementor-gallery-item\" href=\"https:\/\/martatrigas.com\/wp-content\/uploads\/2021\/03\/Biduido-2.jpg\" data-elementor-open-lightbox=\"yes\" data-elementor-lightbox-slideshow=\"4187b626\" data-elementor-lightbox-title=\"Bidu\u00eddo 2\" data-e-action-hash=\"#elementor-action%3Aaction%3Dlightbox%26settings%3DeyJpZCI6MzE2MiwidXJsIjoiaHR0cHM6XC9cL21hcnRhdHJpZ2FzLmNvbVwvd3AtY29udGVudFwvdXBsb2Fkc1wvMjAyMVwvMDNcL0JpZHVpZG8tMi5qcGciLCJzbGlkZXNob3ciOiI0MTg3YjYyNiJ9\">\n\t\t\t\t\t<div class=\"e-gallery-image elementor-gallery-item__image\" data-thumbnail=\"https:\/\/martatrigas.com\/wp-content\/uploads\/2021\/03\/Biduido-2-1024x640.jpg\" data-width=\"1024\" data-height=\"640\" aria-label=\"\" role=\"img\" ><\/div>\n\t\t\t\t\t\t\t\t\t\t\t\t\t\t<\/a>\n\t\t\t\t\t<\/div>\n\t\t\t\t\t<\/div>\n\t\t\t\t<div class=\"elementor-element elementor-element-8a6f081 elementor-widget elementor-widget-post-navigation\" data-id=\"8a6f081\" data-element_type=\"widget\" data-e-type=\"widget\" data-widget_type=\"post-navigation.default\">\n\t\t\t\t\t\t\t<div class=\"elementor-post-navigation\">\n\t\t\t<div class=\"elementor-post-navigation__prev elementor-post-navigation__link\">\n\t\t\t\t\t\t\t<\/div>\n\t\t\t\t\t\t<div class=\"elementor-post-navigation__next elementor-post-navigation__link\">\n\t\t\t\t<a href=\"https:\/\/martatrigas.com\/gl\/passivhaus-mera\/\" rel=\"next\"><span class=\"elementor-post-navigation__link__next\"><span class=\"post-navigation__next--label\">Seguinte<\/span><span class=\"post-navigation__next--title\">Casa Passivhaus en Mera<\/span><\/span><span class=\"post-navigation__arrow-wrapper post-navigation__arrow-next\"><i class=\"fa fa-angle-right\" aria-hidden=\"true\"><\/i><span class=\"elementor-screen-only\">Next<\/span><\/span><\/a>\t\t\t<\/div>\n\t\t<\/div>\n\t\t\t\t\t\t<\/div>\n\t\t\t\t\t<\/div>\n\t\t<\/div>\n\t\t\t\t\t<\/div>\n\t\t<\/section>\n\t\t\t\t<\/div>\n\t\t","protected":false},"excerpt":{"rendered":"<p>Casa Passivhaus en Bidu\u00eddo ESTE PROXECTO AFORRA 2241,996 kgCO2\/ano CERTIFICACI\u00d3NPassivhaus DEMANDA DE CALEFACCI\u00d3N13,25 kwh\/m2a DEMANDA DE REFRIXERACI\u00d3N&#8211; &#8211; kwh\/m2a DEMANDA DE ENERX\u00cdA PRIMARIA85,02 kwh\/m2a HERMETICIDADE DO AIRE0,6 renovaci\u00f3ns\/h A casa Passivhaus, est\u00e1 situada en Bidu\u00eddo de Arriba, unha pequena aldea preto de Santiago de Compostela. O edificio est\u00e1 dese\u00f1ado nun plano en forma de L [&hellip;]<\/p>\n","protected":false},"author":1,"featured_media":3170,"comment_status":"closed","ping_status":"open","sticky":false,"template":"elementor_header_footer","format":"standard","meta":{"_acf_changed":false,"inline_featured_image":false,"ocean_post_layout":"","ocean_both_sidebars_style":"","ocean_both_sidebars_content_width":0,"ocean_both_sidebars_sidebars_width":0,"ocean_sidebar":"","ocean_second_sidebar":"","ocean_disable_margins":"enable","ocean_add_body_class":"","ocean_shortcode_before_top_bar":"","ocean_shortcode_after_top_bar":"","ocean_shortcode_before_header":"","ocean_shortcode_after_header":"","ocean_has_shortcode":"","ocean_shortcode_after_title":"","ocean_shortcode_before_footer_widgets":"","ocean_shortcode_after_footer_widgets":"","ocean_shortcode_before_footer_bottom":"","ocean_shortcode_after_footer_bottom":"","ocean_display_top_bar":"default","ocean_display_header":"default","ocean_header_style":"","ocean_center_header_left_menu":"","ocean_custom_header_template":"","ocean_custom_logo":0,"ocean_custom_retina_logo":0,"ocean_custom_logo_max_width":0,"ocean_custom_logo_tablet_max_width":0,"ocean_custom_logo_mobile_max_width":0,"ocean_custom_logo_max_height":0,"ocean_custom_logo_tablet_max_height":0,"ocean_custom_logo_mobile_max_height":0,"ocean_header_custom_menu":"","ocean_menu_typo_font_family":"","ocean_menu_typo_font_subset":"","ocean_menu_typo_font_size":0,"ocean_menu_typo_font_size_tablet":0,"ocean_menu_typo_font_size_mobile":0,"ocean_menu_typo_font_size_unit":"px","ocean_menu_typo_font_weight":"","ocean_menu_typo_font_weight_tablet":"","ocean_menu_typo_font_weight_mobile":"","ocean_menu_typo_transform":"","ocean_menu_typo_transform_tablet":"","ocean_menu_typo_transform_mobile":"","ocean_menu_typo_line_height":0,"ocean_menu_typo_line_height_tablet":0,"ocean_menu_typo_line_height_mobile":0,"ocean_menu_typo_line_height_unit":"","ocean_menu_typo_spacing":0,"ocean_menu_typo_spacing_tablet":0,"ocean_menu_typo_spacing_mobile":0,"ocean_menu_typo_spacing_unit":"","ocean_menu_link_color":"","ocean_menu_link_color_hover":"","ocean_menu_link_color_active":"","ocean_menu_link_background":"","ocean_menu_link_hover_background":"","ocean_menu_link_active_background":"","ocean_menu_social_links_bg":"","ocean_menu_social_hover_links_bg":"","ocean_menu_social_links_color":"","ocean_menu_social_hover_links_color":"","ocean_disable_title":"default","ocean_disable_heading":"default","ocean_post_title":"","ocean_post_subheading":"","ocean_post_title_style":"","ocean_post_title_background_color":"","ocean_post_title_background":0,"ocean_post_title_bg_image_position":"","ocean_post_title_bg_image_attachment":"","ocean_post_title_bg_image_repeat":"","ocean_post_title_bg_image_size":"","ocean_post_title_height":0,"ocean_post_title_bg_overlay":0.5,"ocean_post_title_bg_overlay_color":"","ocean_disable_breadcrumbs":"default","ocean_breadcrumbs_color":"","ocean_breadcrumbs_separator_color":"","ocean_breadcrumbs_links_color":"","ocean_breadcrumbs_links_hover_color":"","ocean_display_footer_widgets":"default","ocean_display_footer_bottom":"default","ocean_custom_footer_template":"","ocean_post_oembed":"","ocean_post_self_hosted_media":"","ocean_post_video_embed":"","ocean_link_format":"","ocean_link_format_target":"self","ocean_quote_format":"","ocean_quote_format_link":"post","ocean_gallery_link_images":"on","ocean_gallery_id":[],"footnotes":""},"categories":[52],"tags":[],"class_list":["post-4091","post","type-post","status-publish","format-standard","has-post-thumbnail","hentry","category-portfolio","entry","has-media"],"acf":[],"yoast_head":"<!-- This site is optimized with the Yoast SEO plugin v27.5 - https:\/\/yoast.com\/product\/yoast-seo-wordpress\/ -->\n<title>Casa Passivhaus en Bidu\u00eddo - Tu casa cuida de t\u00ed<\/title>\n<meta name=\"robots\" content=\"index, follow, max-snippet:-1, max-image-preview:large, max-video-preview:-1\" \/>\n<link rel=\"canonical\" href=\"https:\/\/martatrigas.com\/gl\/passivhaus-biduido\/\" \/>\n<meta property=\"og:locale\" content=\"gl_ES\" \/>\n<meta property=\"og:type\" content=\"article\" \/>\n<meta property=\"og:title\" content=\"Casa Passivhaus en Bidu\u00eddo - Tu casa cuida de t\u00ed\" \/>\n<meta property=\"og:description\" content=\"Casa Passivhaus en Bidu\u00eddo ESTE PROXECTO AFORRA 2241,996 kgCO2\/ano CERTIFICACI\u00d3NPassivhaus DEMANDA DE CALEFACCI\u00d3N13,25 kwh\/m2a DEMANDA DE REFRIXERACI\u00d3N&#8211; &#8211; kwh\/m2a DEMANDA DE ENERX\u00cdA PRIMARIA85,02 kwh\/m2a HERMETICIDADE DO AIRE0,6 renovaci\u00f3ns\/h A casa Passivhaus, est\u00e1 situada en Bidu\u00eddo de Arriba, unha pequena aldea preto de Santiago de Compostela. O edificio est\u00e1 dese\u00f1ado nun plano en forma de L [&hellip;]\" \/>\n<meta property=\"og:url\" content=\"https:\/\/martatrigas.com\/gl\/passivhaus-biduido\/\" \/>\n<meta property=\"og:site_name\" content=\"MARTA TRIGAS\" \/>\n<meta property=\"article:published_time\" content=\"2024-03-05T10:15:33+00:00\" \/>\n<meta property=\"article:modified_time\" content=\"2024-04-30T16:17:46+00:00\" \/>\n<meta property=\"og:image\" content=\"https:\/\/martatrigas.com\/wp-content\/uploads\/2021\/03\/Biduido-1-1.jpg\" \/>\n\t<meta property=\"og:image:width\" content=\"2000\" \/>\n\t<meta property=\"og:image:height\" content=\"1250\" \/>\n\t<meta property=\"og:image:type\" content=\"image\/jpeg\" \/>\n<meta name=\"author\" content=\"martatrigas\" \/>\n<meta name=\"twitter:card\" content=\"summary_large_image\" \/>\n<meta name=\"twitter:label1\" content=\"Escrito por\" \/>\n\t<meta name=\"twitter:data1\" content=\"martatrigas\" \/>\n\t<meta name=\"twitter:label2\" content=\"Tempo de lectura\" \/>\n\t<meta name=\"twitter:data2\" content=\"2 minutos\" \/>\n<script type=\"application\/ld+json\" class=\"yoast-schema-graph\">{\"@context\":\"https:\\\/\\\/schema.org\",\"@graph\":[{\"@type\":\"Article\",\"@id\":\"https:\\\/\\\/martatrigas.com\\\/passivhaus-biduido\\\/#article\",\"isPartOf\":{\"@id\":\"https:\\\/\\\/martatrigas.com\\\/passivhaus-biduido\\\/\"},\"author\":{\"name\":\"martatrigas\",\"@id\":\"https:\\\/\\\/martatrigas.com\\\/#\\\/schema\\\/person\\\/81c65f4fd0df8528b5e8e97c518ffd99\"},\"headline\":\"Casa Passivhaus en Bidu\u00eddo\",\"datePublished\":\"2024-03-05T10:15:33+00:00\",\"dateModified\":\"2024-04-30T16:17:46+00:00\",\"mainEntityOfPage\":{\"@id\":\"https:\\\/\\\/martatrigas.com\\\/passivhaus-biduido\\\/\"},\"wordCount\":276,\"publisher\":{\"@id\":\"https:\\\/\\\/martatrigas.com\\\/#organization\"},\"image\":{\"@id\":\"https:\\\/\\\/martatrigas.com\\\/passivhaus-biduido\\\/#primaryimage\"},\"thumbnailUrl\":\"https:\\\/\\\/martatrigas.com\\\/wp-content\\\/uploads\\\/2021\\\/03\\\/Biduido-1-1.jpg\",\"articleSection\":[\"Portfolio\"],\"inLanguage\":\"gl-ES\"},{\"@type\":\"WebPage\",\"@id\":\"https:\\\/\\\/martatrigas.com\\\/passivhaus-biduido\\\/\",\"url\":\"https:\\\/\\\/martatrigas.com\\\/passivhaus-biduido\\\/\",\"name\":\"Casa Passivhaus en Bidu\u00eddo - Tu casa cuida de t\u00ed\",\"isPartOf\":{\"@id\":\"https:\\\/\\\/martatrigas.com\\\/#website\"},\"primaryImageOfPage\":{\"@id\":\"https:\\\/\\\/martatrigas.com\\\/passivhaus-biduido\\\/#primaryimage\"},\"image\":{\"@id\":\"https:\\\/\\\/martatrigas.com\\\/passivhaus-biduido\\\/#primaryimage\"},\"thumbnailUrl\":\"https:\\\/\\\/martatrigas.com\\\/wp-content\\\/uploads\\\/2021\\\/03\\\/Biduido-1-1.jpg\",\"datePublished\":\"2024-03-05T10:15:33+00:00\",\"dateModified\":\"2024-04-30T16:17:46+00:00\",\"breadcrumb\":{\"@id\":\"https:\\\/\\\/martatrigas.com\\\/passivhaus-biduido\\\/#breadcrumb\"},\"inLanguage\":\"gl-ES\",\"potentialAction\":[{\"@type\":\"ReadAction\",\"target\":[\"https:\\\/\\\/martatrigas.com\\\/passivhaus-biduido\\\/\"]}]},{\"@type\":\"ImageObject\",\"inLanguage\":\"gl-ES\",\"@id\":\"https:\\\/\\\/martatrigas.com\\\/passivhaus-biduido\\\/#primaryimage\",\"url\":\"https:\\\/\\\/martatrigas.com\\\/wp-content\\\/uploads\\\/2021\\\/03\\\/Biduido-1-1.jpg\",\"contentUrl\":\"https:\\\/\\\/martatrigas.com\\\/wp-content\\\/uploads\\\/2021\\\/03\\\/Biduido-1-1.jpg\",\"width\":2000,\"height\":1250},{\"@type\":\"BreadcrumbList\",\"@id\":\"https:\\\/\\\/martatrigas.com\\\/passivhaus-biduido\\\/#breadcrumb\",\"itemListElement\":[{\"@type\":\"ListItem\",\"position\":1,\"name\":\"Portada\",\"item\":\"https:\\\/\\\/martatrigas.com\\\/\"},{\"@type\":\"ListItem\",\"position\":2,\"name\":\"Casa Passivhaus en Bidu\u00eddo\"}]},{\"@type\":\"WebSite\",\"@id\":\"https:\\\/\\\/martatrigas.com\\\/#website\",\"url\":\"https:\\\/\\\/martatrigas.com\\\/\",\"name\":\"MARTA TRIGAS\",\"description\":\"Tu casa cuida de ti\",\"publisher\":{\"@id\":\"https:\\\/\\\/martatrigas.com\\\/#organization\"},\"potentialAction\":[{\"@type\":\"SearchAction\",\"target\":{\"@type\":\"EntryPoint\",\"urlTemplate\":\"https:\\\/\\\/martatrigas.com\\\/?s={search_term_string}\"},\"query-input\":{\"@type\":\"PropertyValueSpecification\",\"valueRequired\":true,\"valueName\":\"search_term_string\"}}],\"inLanguage\":\"gl-ES\"},{\"@type\":\"Organization\",\"@id\":\"https:\\\/\\\/martatrigas.com\\\/#organization\",\"name\":\"MARTA TRIGAS\",\"url\":\"https:\\\/\\\/martatrigas.com\\\/\",\"logo\":{\"@type\":\"ImageObject\",\"inLanguage\":\"gl-ES\",\"@id\":\"https:\\\/\\\/martatrigas.com\\\/#\\\/schema\\\/logo\\\/image\\\/\",\"url\":\"https:\\\/\\\/martatrigas.com\\\/wp-content\\\/uploads\\\/2025\\\/04\\\/marta-trigas-svg-white-02.svg\",\"contentUrl\":\"https:\\\/\\\/martatrigas.com\\\/wp-content\\\/uploads\\\/2025\\\/04\\\/marta-trigas-svg-white-02.svg\",\"width\":547,\"height\":143,\"caption\":\"MARTA TRIGAS\"},\"image\":{\"@id\":\"https:\\\/\\\/martatrigas.com\\\/#\\\/schema\\\/logo\\\/image\\\/\"}},{\"@type\":\"Person\",\"@id\":\"https:\\\/\\\/martatrigas.com\\\/#\\\/schema\\\/person\\\/81c65f4fd0df8528b5e8e97c518ffd99\",\"name\":\"martatrigas\",\"image\":{\"@type\":\"ImageObject\",\"inLanguage\":\"gl-ES\",\"@id\":\"https:\\\/\\\/secure.gravatar.com\\\/avatar\\\/936a3114c169e25aefb04f69ccb6be5ffe1992b2f670a737b93585d079b4e85f?s=96&d=mm&r=g\",\"url\":\"https:\\\/\\\/secure.gravatar.com\\\/avatar\\\/936a3114c169e25aefb04f69ccb6be5ffe1992b2f670a737b93585d079b4e85f?s=96&d=mm&r=g\",\"contentUrl\":\"https:\\\/\\\/secure.gravatar.com\\\/avatar\\\/936a3114c169e25aefb04f69ccb6be5ffe1992b2f670a737b93585d079b4e85f?s=96&d=mm&r=g\",\"caption\":\"martatrigas\"},\"sameAs\":[\"https:\\\/\\\/martatrigas.com\"]}]}<\/script>\n<!-- \/ Yoast SEO plugin. -->","yoast_head_json":{"title":"Casa Passivhaus en Bidu\u00eddo - Tu casa cuida de t\u00ed","robots":{"index":"index","follow":"follow","max-snippet":"max-snippet:-1","max-image-preview":"max-image-preview:large","max-video-preview":"max-video-preview:-1"},"canonical":"https:\/\/martatrigas.com\/gl\/passivhaus-biduido\/","og_locale":"gl_ES","og_type":"article","og_title":"Casa Passivhaus en Bidu\u00eddo - Tu casa cuida de t\u00ed","og_description":"Casa Passivhaus en Bidu\u00eddo ESTE PROXECTO AFORRA 2241,996 kgCO2\/ano CERTIFICACI\u00d3NPassivhaus DEMANDA DE CALEFACCI\u00d3N13,25 kwh\/m2a DEMANDA DE REFRIXERACI\u00d3N&#8211; &#8211; kwh\/m2a DEMANDA DE ENERX\u00cdA PRIMARIA85,02 kwh\/m2a HERMETICIDADE DO AIRE0,6 renovaci\u00f3ns\/h A casa Passivhaus, est\u00e1 situada en Bidu\u00eddo de Arriba, unha pequena aldea preto de Santiago de Compostela. O edificio est\u00e1 dese\u00f1ado nun plano en forma de L [&hellip;]","og_url":"https:\/\/martatrigas.com\/gl\/passivhaus-biduido\/","og_site_name":"MARTA TRIGAS","article_published_time":"2024-03-05T10:15:33+00:00","article_modified_time":"2024-04-30T16:17:46+00:00","og_image":[{"width":2000,"height":1250,"url":"https:\/\/martatrigas.com\/wp-content\/uploads\/2021\/03\/Biduido-1-1.jpg","type":"image\/jpeg"}],"author":"martatrigas","twitter_card":"summary_large_image","twitter_misc":{"Escrito por":"martatrigas","Tempo de lectura":"2 minutos"},"schema":{"@context":"https:\/\/schema.org","@graph":[{"@type":"Article","@id":"https:\/\/martatrigas.com\/passivhaus-biduido\/#article","isPartOf":{"@id":"https:\/\/martatrigas.com\/passivhaus-biduido\/"},"author":{"name":"martatrigas","@id":"https:\/\/martatrigas.com\/#\/schema\/person\/81c65f4fd0df8528b5e8e97c518ffd99"},"headline":"Casa Passivhaus en Bidu\u00eddo","datePublished":"2024-03-05T10:15:33+00:00","dateModified":"2024-04-30T16:17:46+00:00","mainEntityOfPage":{"@id":"https:\/\/martatrigas.com\/passivhaus-biduido\/"},"wordCount":276,"publisher":{"@id":"https:\/\/martatrigas.com\/#organization"},"image":{"@id":"https:\/\/martatrigas.com\/passivhaus-biduido\/#primaryimage"},"thumbnailUrl":"https:\/\/martatrigas.com\/wp-content\/uploads\/2021\/03\/Biduido-1-1.jpg","articleSection":["Portfolio"],"inLanguage":"gl-ES"},{"@type":"WebPage","@id":"https:\/\/martatrigas.com\/passivhaus-biduido\/","url":"https:\/\/martatrigas.com\/passivhaus-biduido\/","name":"Casa Passivhaus en Bidu\u00eddo - Tu casa cuida de t\u00ed","isPartOf":{"@id":"https:\/\/martatrigas.com\/#website"},"primaryImageOfPage":{"@id":"https:\/\/martatrigas.com\/passivhaus-biduido\/#primaryimage"},"image":{"@id":"https:\/\/martatrigas.com\/passivhaus-biduido\/#primaryimage"},"thumbnailUrl":"https:\/\/martatrigas.com\/wp-content\/uploads\/2021\/03\/Biduido-1-1.jpg","datePublished":"2024-03-05T10:15:33+00:00","dateModified":"2024-04-30T16:17:46+00:00","breadcrumb":{"@id":"https:\/\/martatrigas.com\/passivhaus-biduido\/#breadcrumb"},"inLanguage":"gl-ES","potentialAction":[{"@type":"ReadAction","target":["https:\/\/martatrigas.com\/passivhaus-biduido\/"]}]},{"@type":"ImageObject","inLanguage":"gl-ES","@id":"https:\/\/martatrigas.com\/passivhaus-biduido\/#primaryimage","url":"https:\/\/martatrigas.com\/wp-content\/uploads\/2021\/03\/Biduido-1-1.jpg","contentUrl":"https:\/\/martatrigas.com\/wp-content\/uploads\/2021\/03\/Biduido-1-1.jpg","width":2000,"height":1250},{"@type":"BreadcrumbList","@id":"https:\/\/martatrigas.com\/passivhaus-biduido\/#breadcrumb","itemListElement":[{"@type":"ListItem","position":1,"name":"Portada","item":"https:\/\/martatrigas.com\/"},{"@type":"ListItem","position":2,"name":"Casa Passivhaus en Bidu\u00eddo"}]},{"@type":"WebSite","@id":"https:\/\/martatrigas.com\/#website","url":"https:\/\/martatrigas.com\/","name":"MARTA TRIGAS","description":"A s\u00faa casa coida de ti","publisher":{"@id":"https:\/\/martatrigas.com\/#organization"},"potentialAction":[{"@type":"SearchAction","target":{"@type":"EntryPoint","urlTemplate":"https:\/\/martatrigas.com\/?s={search_term_string}"},"query-input":{"@type":"PropertyValueSpecification","valueRequired":true,"valueName":"search_term_string"}}],"inLanguage":"gl-ES"},{"@type":"Organization","@id":"https:\/\/martatrigas.com\/#organization","name":"MARTA TRIGAS","url":"https:\/\/martatrigas.com\/","logo":{"@type":"ImageObject","inLanguage":"gl-ES","@id":"https:\/\/martatrigas.com\/#\/schema\/logo\/image\/","url":"https:\/\/martatrigas.com\/wp-content\/uploads\/2025\/04\/marta-trigas-svg-white-02.svg","contentUrl":"https:\/\/martatrigas.com\/wp-content\/uploads\/2025\/04\/marta-trigas-svg-white-02.svg","width":547,"height":143,"caption":"MARTA TRIGAS"},"image":{"@id":"https:\/\/martatrigas.com\/#\/schema\/logo\/image\/"}},{"@type":"Person","@id":"https:\/\/martatrigas.com\/#\/schema\/person\/81c65f4fd0df8528b5e8e97c518ffd99","name":"martatrigas","image":{"@type":"ImageObject","inLanguage":"gl-ES","@id":"https:\/\/secure.gravatar.com\/avatar\/936a3114c169e25aefb04f69ccb6be5ffe1992b2f670a737b93585d079b4e85f?s=96&d=mm&r=g","url":"https:\/\/secure.gravatar.com\/avatar\/936a3114c169e25aefb04f69ccb6be5ffe1992b2f670a737b93585d079b4e85f?s=96&d=mm&r=g","contentUrl":"https:\/\/secure.gravatar.com\/avatar\/936a3114c169e25aefb04f69ccb6be5ffe1992b2f670a737b93585d079b4e85f?s=96&d=mm&r=g","caption":"martatrigas"},"sameAs":["https:\/\/martatrigas.com"]}]}},"_links":{"self":[{"href":"https:\/\/martatrigas.com\/gl\/wp-json\/wp\/v2\/posts\/4091","targetHints":{"allow":["GET"]}}],"collection":[{"href":"https:\/\/martatrigas.com\/gl\/wp-json\/wp\/v2\/posts"}],"about":[{"href":"https:\/\/martatrigas.com\/gl\/wp-json\/wp\/v2\/types\/post"}],"author":[{"embeddable":true,"href":"https:\/\/martatrigas.com\/gl\/wp-json\/wp\/v2\/users\/1"}],"replies":[{"embeddable":true,"href":"https:\/\/martatrigas.com\/gl\/wp-json\/wp\/v2\/comments?post=4091"}],"version-history":[{"count":21,"href":"https:\/\/martatrigas.com\/gl\/wp-json\/wp\/v2\/posts\/4091\/revisions"}],"predecessor-version":[{"id":5055,"href":"https:\/\/martatrigas.com\/gl\/wp-json\/wp\/v2\/posts\/4091\/revisions\/5055"}],"wp:featuredmedia":[{"embeddable":true,"href":"https:\/\/martatrigas.com\/gl\/wp-json\/wp\/v2\/media\/3170"}],"wp:attachment":[{"href":"https:\/\/martatrigas.com\/gl\/wp-json\/wp\/v2\/media?parent=4091"}],"wp:term":[{"taxonomy":"category","embeddable":true,"href":"https:\/\/martatrigas.com\/gl\/wp-json\/wp\/v2\/categories?post=4091"},{"taxonomy":"post_tag","embeddable":true,"href":"https:\/\/martatrigas.com\/gl\/wp-json\/wp\/v2\/tags?post=4091"}],"curies":[{"name":"wp","href":"https:\/\/api.w.org\/{rel}","templated":true}]}}