{"id":4327,"date":"2024-03-07T12:08:47","date_gmt":"2024-03-07T11:08:47","guid":{"rendered":"https:\/\/martatrigas.com\/?p=4327"},"modified":"2024-04-30T17:17:03","modified_gmt":"2024-04-30T16:17:03","slug":"passivhaus-a-capela","status":"publish","type":"post","link":"https:\/\/martatrigas.com\/gl\/passivhaus-a-capela\/","title":{"rendered":"Casa Passivhaus en A Capela"},"content":{"rendered":"\t\t<div data-elementor-type=\"wp-post\" data-elementor-id=\"4327\" class=\"elementor elementor-4327\" data-elementor-post-type=\"post\">\n\t\t\t\t\t\t<section class=\"elementor-section elementor-top-section elementor-element elementor-element-15e84af1 elementor-section-full_width elementor-section-height-default elementor-section-height-default\" data-id=\"15e84af1\" data-element_type=\"section\" data-e-type=\"section\">\n\t\t\t\t\t\t<div class=\"elementor-container elementor-column-gap-default\">\n\t\t\t\t\t<div class=\"elementor-column elementor-col-50 elementor-top-column elementor-element elementor-element-6e172e62\" data-id=\"6e172e62\" data-element_type=\"column\" data-e-type=\"column\">\n\t\t\t<div class=\"elementor-widget-wrap elementor-element-populated\">\n\t\t\t\t\t\t<div class=\"elementor-element elementor-element-15a72ed elementor-hidden-desktop elementor-hidden-tablet elementor-widget elementor-widget-post-navigation\" data-id=\"15a72ed\" data-element_type=\"widget\" data-e-type=\"widget\" data-widget_type=\"post-navigation.default\">\n\t\t\t\t\t\t\t<div class=\"elementor-post-navigation\">\n\t\t\t<div class=\"elementor-post-navigation__prev elementor-post-navigation__link\">\n\t\t\t\t<a href=\"https:\/\/martatrigas.com\/gl\/passivhaus-inas\/\" rel=\"prev\"><span class=\"post-navigation__arrow-wrapper post-navigation__arrow-prev\"><i class=\"fa fa-angle-left\" aria-hidden=\"true\"><\/i><span class=\"elementor-screen-only\">Prev<\/span><\/span><span class=\"elementor-post-navigation__link__prev\"><span class=\"post-navigation__prev--label\">Anterior<\/span><span class=\"post-navigation__prev--title\">Casa Passivhaus en I\u00f1\u00e1s<\/span><\/span><\/a>\t\t\t<\/div>\n\t\t\t\t\t\t<div class=\"elementor-post-navigation__next elementor-post-navigation__link\">\n\t\t\t\t<a href=\"https:\/\/martatrigas.com\/gl\/passivhaus-abegondo\/\" rel=\"next\"><span class=\"elementor-post-navigation__link__next\"><span class=\"post-navigation__next--label\">Seguinte<\/span><span class=\"post-navigation__next--title\">Casa Passivhaus en Abegondo<\/span><\/span><span class=\"post-navigation__arrow-wrapper post-navigation__arrow-next\"><i class=\"fa fa-angle-right\" aria-hidden=\"true\"><\/i><span class=\"elementor-screen-only\">Next<\/span><\/span><\/a>\t\t\t<\/div>\n\t\t<\/div>\n\t\t\t\t\t\t<\/div>\n\t\t\t\t<div class=\"elementor-element elementor-element-272c450d elementor-widget elementor-widget-heading\" data-id=\"272c450d\" data-element_type=\"widget\" data-e-type=\"widget\" data-widget_type=\"heading.default\">\n\t\t\t\t\t<h5 class=\"elementor-heading-title elementor-size-default\">Casa Passivhaus en A Capela<\/h5>\t\t\t\t<\/div>\n\t\t\t\t<div class=\"elementor-element elementor-element-7d3366e8 elementor-widget elementor-widget-heading\" data-id=\"7d3366e8\" data-element_type=\"widget\" data-e-type=\"widget\" data-widget_type=\"heading.default\">\n\t\t\t\t\t<h2 class=\"elementor-heading-title elementor-size-default\">ESTE PROXECTO AFORRA<\/h2>\t\t\t\t<\/div>\n\t\t\t\t<div class=\"elementor-element elementor-element-49665a24 elementor-widget elementor-widget-heading\" data-id=\"49665a24\" data-element_type=\"widget\" data-e-type=\"widget\" data-widget_type=\"heading.default\">\n\t\t\t\t\t<h2 class=\"elementor-heading-title elementor-size-default\">4670,55 kgCO2\/ano<\/h2>\t\t\t\t<\/div>\n\t\t\t\t<div class=\"elementor-element elementor-element-5b54d75b elementor-widget elementor-widget-text-editor\" data-id=\"5b54d75b\" data-element_type=\"widget\" data-e-type=\"widget\" data-widget_type=\"text-editor.default\">\n\t\t\t\t\t\t\t\t\t<p><strong>CERTIFICACI\u00d3N<\/strong><br \/>&#8211;<\/p><p><strong>DEMANDA DE CALEFACCI\u00d3N<\/strong><br \/>14 kwh\/m2a<\/p><p><strong>DEMANDA DE REFRIXERACI\u00d3N<\/strong><br \/>&#8211; &#8211; kwh\/m2a<\/p><p><strong>DEMANDA DE ENERX\u00cdA PRIMARIA<\/strong><br \/>68 kwh\/m2a<\/p><p><strong>HERMETICIDADE DO AIRE<\/strong><br \/>0,6 renovaci\u00f3ns\/h<\/p>\t\t\t\t\t\t\t\t<\/div>\n\t\t\t\t<div class=\"elementor-element elementor-element-4f8f99df elementor-hidden-desktop elementor-hidden-tablet elementor-widget elementor-widget-gallery\" data-id=\"4f8f99df\" data-element_type=\"widget\" data-e-type=\"widget\" data-settings=\"{&quot;gallery_layout&quot;:&quot;justified&quot;,&quot;ideal_row_height&quot;:{&quot;unit&quot;:&quot;px&quot;,&quot;size&quot;:500,&quot;sizes&quot;:[]},&quot;gap&quot;:{&quot;unit&quot;:&quot;px&quot;,&quot;size&quot;:15,&quot;sizes&quot;:[]},&quot;_animation&quot;:&quot;none&quot;,&quot;ideal_row_height_tablet&quot;:{&quot;unit&quot;:&quot;px&quot;,&quot;size&quot;:150,&quot;sizes&quot;:[]},&quot;ideal_row_height_mobile&quot;:{&quot;unit&quot;:&quot;px&quot;,&quot;size&quot;:150,&quot;sizes&quot;:[]},&quot;gap_tablet&quot;:{&quot;unit&quot;:&quot;px&quot;,&quot;size&quot;:10,&quot;sizes&quot;:[]},&quot;gap_mobile&quot;:{&quot;unit&quot;:&quot;px&quot;,&quot;size&quot;:10,&quot;sizes&quot;:[]},&quot;link_to&quot;:&quot;file&quot;}\" data-widget_type=\"gallery.default\">\n\t\t\t\t\t\t\t<div class=\"elementor-gallery__container\">\n\t\t\t\t\t\t\t<a class=\"e-gallery-item elementor-gallery-item\" href=\"https:\/\/martatrigas.com\/wp-content\/uploads\/2022\/05\/03-1.jpg\" data-elementor-open-lightbox=\"yes\" data-elementor-lightbox-slideshow=\"4f8f99df\" data-elementor-lightbox-title=\"03\" data-e-action-hash=\"#elementor-action%3Aaction%3Dlightbox%26settings%3DeyJpZCI6MzUxNywidXJsIjoiaHR0cHM6XC9cL21hcnRhdHJpZ2FzLmNvbVwvd3AtY29udGVudFwvdXBsb2Fkc1wvMjAyMlwvMDVcLzAzLTEuanBnIiwic2xpZGVzaG93IjoiNGY4Zjk5ZGYifQ%3D%3D\">\n\t\t\t\t\t<div class=\"e-gallery-image elementor-gallery-item__image\" data-thumbnail=\"https:\/\/martatrigas.com\/wp-content\/uploads\/2022\/05\/03-1-1024x575.jpg\" data-width=\"1024\" data-height=\"575\" aria-label=\"\" role=\"img\" ><\/div>\n\t\t\t\t\t\t\t\t\t\t\t\t\t\t<\/a>\n\t\t\t\t\t\t\t<a class=\"e-gallery-item elementor-gallery-item\" href=\"https:\/\/martatrigas.com\/wp-content\/uploads\/2022\/05\/02-1.jpg\" data-elementor-open-lightbox=\"yes\" data-elementor-lightbox-slideshow=\"4f8f99df\" data-elementor-lightbox-title=\"02\" data-e-action-hash=\"#elementor-action%3Aaction%3Dlightbox%26settings%3DeyJpZCI6MzUxNiwidXJsIjoiaHR0cHM6XC9cL21hcnRhdHJpZ2FzLmNvbVwvd3AtY29udGVudFwvdXBsb2Fkc1wvMjAyMlwvMDVcLzAyLTEuanBnIiwic2xpZGVzaG93IjoiNGY4Zjk5ZGYifQ%3D%3D\">\n\t\t\t\t\t<div class=\"e-gallery-image elementor-gallery-item__image\" data-thumbnail=\"https:\/\/martatrigas.com\/wp-content\/uploads\/2022\/05\/02-1-1024x575.jpg\" data-width=\"1024\" data-height=\"575\" aria-label=\"\" role=\"img\" ><\/div>\n\t\t\t\t\t\t\t\t\t\t\t\t\t\t<\/a>\n\t\t\t\t\t\t\t<a class=\"e-gallery-item elementor-gallery-item\" href=\"https:\/\/martatrigas.com\/wp-content\/uploads\/2022\/05\/01-1.jpg\" data-elementor-open-lightbox=\"yes\" data-elementor-lightbox-slideshow=\"4f8f99df\" data-elementor-lightbox-title=\"01\" data-e-action-hash=\"#elementor-action%3Aaction%3Dlightbox%26settings%3DeyJpZCI6MzUxMywidXJsIjoiaHR0cHM6XC9cL21hcnRhdHJpZ2FzLmNvbVwvd3AtY29udGVudFwvdXBsb2Fkc1wvMjAyMlwvMDVcLzAxLTEuanBnIiwic2xpZGVzaG93IjoiNGY4Zjk5ZGYifQ%3D%3D\">\n\t\t\t\t\t<div class=\"e-gallery-image elementor-gallery-item__image\" data-thumbnail=\"https:\/\/martatrigas.com\/wp-content\/uploads\/2022\/05\/01-1-1024x575.jpg\" data-width=\"1024\" data-height=\"575\" aria-label=\"\" role=\"img\" ><\/div>\n\t\t\t\t\t\t\t\t\t\t\t\t\t\t<\/a>\n\t\t\t\t\t<\/div>\n\t\t\t\t\t<\/div>\n\t\t\t\t<div class=\"elementor-element elementor-element-7f7d70d1 elementor-widget elementor-widget-text-editor\" data-id=\"7f7d70d1\" data-element_type=\"widget\" data-e-type=\"widget\" data-settings=\"{&quot;sticky&quot;:&quot;top&quot;,&quot;sticky_offset&quot;:100,&quot;sticky_parent&quot;:&quot;yes&quot;,&quot;sticky_on&quot;:[&quot;desktop&quot;,&quot;tablet&quot;,&quot;mobile&quot;],&quot;sticky_effects_offset&quot;:0,&quot;sticky_anchor_link_offset&quot;:0}\" data-widget_type=\"text-editor.default\">\n\t\t\t\t\t\t\t\t\t<p>A casa Passivhaus situada en A Capela, A Coru\u00f1a, \u00e9rguese nunha gran parcela no medio dunha zona rural tradicional protexida polo Patrimonio Cultural Galego. Esta afectaci\u00f3n marcou o dese\u00f1o de todo o proxecto, pensando en cada detalle para respectar ao m\u00e1ximo a tradici\u00f3n do medio. O volume principal, onde se sit\u00faan as estancias principais da vivenda, est\u00e1 formado por d\u00faas alturas con cuberta a d\u00faas augas e compl\u00e9tase con d\u00faas pequenas edificaci\u00f3ns dunha soa planta con cubertas a d\u00faas augas onde se sit\u00faan as zonas de servizo.<\/p><p>A vivenda, pensada para d\u00faas persoas, est\u00e1 constru\u00edda cunha\u00a0<b>armaz\u00f3n de madeira<\/b>\u00a0tanto en vertical como en horizontal, e con\u00a0<b>illamento natural no seu interior<\/b>. A envolvente t\u00e9rmica compl\u00e9tase cun\u00a0<b>illamento no exterior<\/b>\u00a0rematado con\u00a0<b>fachada de pedra<\/b>\u00a0e alg\u00fans detalles con\u00a0<b>fachada ventilada<\/b>\u00a0de lamas de\u00a0<b>madeira de pi\u00f1eiro termotratado<\/b>.<\/p><p>A\u00a0<b>carpinter\u00eda \u00e9 de madeira e vidro triple baixo emisivo<\/b>. As fiestras est\u00e1n protexidas con\u00a0<b>persianas tipo screen<\/b>\u00a0no exterior. Na planta baixa, un alpendre rodea as grandes vent\u00e1s do sal\u00f3n.<\/p><p>Unha\u00a0<b>aerotermia\u00a0<\/b>alimenta o\u00a0<b>ACS e o chan radiante<\/b>. A unidade de\u00a0<b>recuperaci\u00f3n de calor<\/b>\u00a0funciona de forma independente, ventilando o aire da casa. Adem\u00e1is, conta cunha\u00a0<b>lareira\u00a0<\/b>no sal\u00f3n que quentar\u00e1 a casa nos d\u00edas m\u00e1is fr\u00edos.<\/p><div><strong>\u00a0<\/strong><\/div><div><strong>ACTORES<\/strong><\/div><p>Arquitectura: Marta Trig\u00e1s<br \/>Passivhaus Designer: Marta Trig\u00e1s<br \/>Estrutura:\u00a0<a href=\"https:\/\/escuadria.com\/\" target=\"_blank\" rel=\"noopener\">Escuadr\u00eda<\/a><br \/>Arquitectura t\u00e9cnica:\u00a0<a href=\"https:\/\/alcearquitectura.com\/\" target=\"_blank\" rel=\"noopener\">Alce arquitectura<\/a><br \/>Construci\u00f3n:\u00a0<a href=\"https:\/\/edmcasas.com\/gl\/\">EDM Casas<\/a><\/p>\t\t\t\t\t\t\t\t<\/div>\n\t\t\t\t\t<\/div>\n\t\t<\/div>\n\t\t\t\t<div class=\"elementor-column elementor-col-50 elementor-top-column elementor-element elementor-element-62bd80d9\" data-id=\"62bd80d9\" data-element_type=\"column\" data-e-type=\"column\">\n\t\t\t<div class=\"elementor-widget-wrap elementor-element-populated\">\n\t\t\t\t\t\t<div class=\"elementor-element elementor-element-61151a71 elementor-hidden-mobile elementor-widget elementor-widget-post-navigation\" data-id=\"61151a71\" data-element_type=\"widget\" data-e-type=\"widget\" data-widget_type=\"post-navigation.default\">\n\t\t\t\t\t\t\t<div class=\"elementor-post-navigation\">\n\t\t\t<div class=\"elementor-post-navigation__prev elementor-post-navigation__link\">\n\t\t\t\t<a href=\"https:\/\/martatrigas.com\/gl\/passivhaus-inas\/\" rel=\"prev\"><span class=\"post-navigation__arrow-wrapper post-navigation__arrow-prev\"><i class=\"fa fa-angle-left\" aria-hidden=\"true\"><\/i><span class=\"elementor-screen-only\">Prev<\/span><\/span><span class=\"elementor-post-navigation__link__prev\"><span class=\"post-navigation__prev--label\">Anterior<\/span><span class=\"post-navigation__prev--title\">Casa Passivhaus en I\u00f1\u00e1s<\/span><\/span><\/a>\t\t\t<\/div>\n\t\t\t\t\t\t<div class=\"elementor-post-navigation__next elementor-post-navigation__link\">\n\t\t\t\t<a href=\"https:\/\/martatrigas.com\/gl\/passivhaus-abegondo\/\" rel=\"next\"><span class=\"elementor-post-navigation__link__next\"><span class=\"post-navigation__next--label\">Seguinte<\/span><span class=\"post-navigation__next--title\">Casa Passivhaus en Abegondo<\/span><\/span><span class=\"post-navigation__arrow-wrapper post-navigation__arrow-next\"><i class=\"fa fa-angle-right\" aria-hidden=\"true\"><\/i><span class=\"elementor-screen-only\">Next<\/span><\/span><\/a>\t\t\t<\/div>\n\t\t<\/div>\n\t\t\t\t\t\t<\/div>\n\t\t\t\t<div class=\"elementor-element elementor-element-1690001 elementor-hidden-mobile elementor-widget elementor-widget-gallery\" data-id=\"1690001\" data-element_type=\"widget\" data-e-type=\"widget\" data-settings=\"{&quot;gallery_layout&quot;:&quot;justified&quot;,&quot;ideal_row_height&quot;:{&quot;unit&quot;:&quot;px&quot;,&quot;size&quot;:500,&quot;sizes&quot;:[]},&quot;gap&quot;:{&quot;unit&quot;:&quot;px&quot;,&quot;size&quot;:15,&quot;sizes&quot;:[]},&quot;_animation&quot;:&quot;none&quot;,&quot;ideal_row_height_tablet&quot;:{&quot;unit&quot;:&quot;px&quot;,&quot;size&quot;:150,&quot;sizes&quot;:[]},&quot;ideal_row_height_mobile&quot;:{&quot;unit&quot;:&quot;px&quot;,&quot;size&quot;:150,&quot;sizes&quot;:[]},&quot;gap_tablet&quot;:{&quot;unit&quot;:&quot;px&quot;,&quot;size&quot;:10,&quot;sizes&quot;:[]},&quot;gap_mobile&quot;:{&quot;unit&quot;:&quot;px&quot;,&quot;size&quot;:10,&quot;sizes&quot;:[]},&quot;link_to&quot;:&quot;file&quot;}\" data-widget_type=\"gallery.default\">\n\t\t\t\t\t\t\t<div class=\"elementor-gallery__container\">\n\t\t\t\t\t\t\t<a class=\"e-gallery-item elementor-gallery-item\" href=\"https:\/\/martatrigas.com\/wp-content\/uploads\/2022\/05\/03-1.jpg\" data-elementor-open-lightbox=\"yes\" data-elementor-lightbox-slideshow=\"1690001\" data-elementor-lightbox-title=\"03\" data-e-action-hash=\"#elementor-action%3Aaction%3Dlightbox%26settings%3DeyJpZCI6MzUxNywidXJsIjoiaHR0cHM6XC9cL21hcnRhdHJpZ2FzLmNvbVwvd3AtY29udGVudFwvdXBsb2Fkc1wvMjAyMlwvMDVcLzAzLTEuanBnIiwic2xpZGVzaG93IjoiMTY5MDAwMSJ9\">\n\t\t\t\t\t<div class=\"e-gallery-image elementor-gallery-item__image\" data-thumbnail=\"https:\/\/martatrigas.com\/wp-content\/uploads\/2022\/05\/03-1-1024x575.jpg\" data-width=\"1024\" data-height=\"575\" aria-label=\"\" role=\"img\" ><\/div>\n\t\t\t\t\t\t\t\t\t\t\t\t\t\t<\/a>\n\t\t\t\t\t\t\t<a class=\"e-gallery-item elementor-gallery-item\" href=\"https:\/\/martatrigas.com\/wp-content\/uploads\/2022\/05\/02-1.jpg\" data-elementor-open-lightbox=\"yes\" data-elementor-lightbox-slideshow=\"1690001\" data-elementor-lightbox-title=\"02\" data-e-action-hash=\"#elementor-action%3Aaction%3Dlightbox%26settings%3DeyJpZCI6MzUxNiwidXJsIjoiaHR0cHM6XC9cL21hcnRhdHJpZ2FzLmNvbVwvd3AtY29udGVudFwvdXBsb2Fkc1wvMjAyMlwvMDVcLzAyLTEuanBnIiwic2xpZGVzaG93IjoiMTY5MDAwMSJ9\">\n\t\t\t\t\t<div class=\"e-gallery-image elementor-gallery-item__image\" data-thumbnail=\"https:\/\/martatrigas.com\/wp-content\/uploads\/2022\/05\/02-1-1024x575.jpg\" data-width=\"1024\" data-height=\"575\" aria-label=\"\" role=\"img\" ><\/div>\n\t\t\t\t\t\t\t\t\t\t\t\t\t\t<\/a>\n\t\t\t\t\t\t\t<a class=\"e-gallery-item elementor-gallery-item\" href=\"https:\/\/martatrigas.com\/wp-content\/uploads\/2022\/05\/01-1.jpg\" data-elementor-open-lightbox=\"yes\" data-elementor-lightbox-slideshow=\"1690001\" data-elementor-lightbox-title=\"01\" data-e-action-hash=\"#elementor-action%3Aaction%3Dlightbox%26settings%3DeyJpZCI6MzUxMywidXJsIjoiaHR0cHM6XC9cL21hcnRhdHJpZ2FzLmNvbVwvd3AtY29udGVudFwvdXBsb2Fkc1wvMjAyMlwvMDVcLzAxLTEuanBnIiwic2xpZGVzaG93IjoiMTY5MDAwMSJ9\">\n\t\t\t\t\t<div class=\"e-gallery-image elementor-gallery-item__image\" data-thumbnail=\"https:\/\/martatrigas.com\/wp-content\/uploads\/2022\/05\/01-1-1024x575.jpg\" data-width=\"1024\" data-height=\"575\" aria-label=\"\" role=\"img\" ><\/div>\n\t\t\t\t\t\t\t\t\t\t\t\t\t\t<\/a>\n\t\t\t\t\t<\/div>\n\t\t\t\t\t<\/div>\n\t\t\t\t<div class=\"elementor-element elementor-element-11e07223 elementor-widget elementor-widget-post-navigation\" data-id=\"11e07223\" data-element_type=\"widget\" data-e-type=\"widget\" data-widget_type=\"post-navigation.default\">\n\t\t\t\t\t\t\t<div class=\"elementor-post-navigation\">\n\t\t\t<div class=\"elementor-post-navigation__prev elementor-post-navigation__link\">\n\t\t\t\t<a href=\"https:\/\/martatrigas.com\/gl\/passivhaus-inas\/\" rel=\"prev\"><span class=\"post-navigation__arrow-wrapper post-navigation__arrow-prev\"><i class=\"fa fa-angle-left\" aria-hidden=\"true\"><\/i><span class=\"elementor-screen-only\">Prev<\/span><\/span><span class=\"elementor-post-navigation__link__prev\"><span class=\"post-navigation__prev--label\">Anterior<\/span><span class=\"post-navigation__prev--title\">Casa Passivhaus en I\u00f1\u00e1s<\/span><\/span><\/a>\t\t\t<\/div>\n\t\t\t\t\t\t<div class=\"elementor-post-navigation__next elementor-post-navigation__link\">\n\t\t\t\t<a href=\"https:\/\/martatrigas.com\/gl\/passivhaus-abegondo\/\" rel=\"next\"><span class=\"elementor-post-navigation__link__next\"><span class=\"post-navigation__next--label\">Seguinte<\/span><span class=\"post-navigation__next--title\">Casa Passivhaus en Abegondo<\/span><\/span><span class=\"post-navigation__arrow-wrapper post-navigation__arrow-next\"><i class=\"fa fa-angle-right\" aria-hidden=\"true\"><\/i><span class=\"elementor-screen-only\">Next<\/span><\/span><\/a>\t\t\t<\/div>\n\t\t<\/div>\n\t\t\t\t\t\t<\/div>\n\t\t\t\t\t<\/div>\n\t\t<\/div>\n\t\t\t\t\t<\/div>\n\t\t<\/section>\n\t\t\t\t<\/div>\n\t\t","protected":false},"excerpt":{"rendered":"<p>Casa Passivhaus en A Capela ESTE PROXECTO AFORRA 4670,55 kgCO2\/ano CERTIFICACI\u00d3N&#8211; DEMANDA DE CALEFACCI\u00d3N14 kwh\/m2a DEMANDA DE REFRIXERACI\u00d3N&#8211; &#8211; kwh\/m2a DEMANDA DE ENERX\u00cdA PRIMARIA68 kwh\/m2a HERMETICIDADE DO AIRE0,6 renovaci\u00f3ns\/h A casa Passivhaus situada en A Capela, A Coru\u00f1a, \u00e9rguese nunha gran parcela no medio dunha zona rural tradicional protexida polo Patrimonio Cultural Galego. Esta afectaci\u00f3n [&hellip;]<\/p>\n","protected":false},"author":1,"featured_media":3502,"comment_status":"closed","ping_status":"open","sticky":false,"template":"elementor_header_footer","format":"standard","meta":{"_acf_changed":false,"inline_featured_image":false,"ocean_post_layout":"","ocean_both_sidebars_style":"","ocean_both_sidebars_content_width":0,"ocean_both_sidebars_sidebars_width":0,"ocean_sidebar":"","ocean_second_sidebar":"","ocean_disable_margins":"enable","ocean_add_body_class":"","ocean_shortcode_before_top_bar":"","ocean_shortcode_after_top_bar":"","ocean_shortcode_before_header":"","ocean_shortcode_after_header":"","ocean_has_shortcode":"","ocean_shortcode_after_title":"","ocean_shortcode_before_footer_widgets":"","ocean_shortcode_after_footer_widgets":"","ocean_shortcode_before_footer_bottom":"","ocean_shortcode_after_footer_bottom":"","ocean_display_top_bar":"default","ocean_display_header":"default","ocean_header_style":"","ocean_center_header_left_menu":"","ocean_custom_header_template":"","ocean_custom_logo":0,"ocean_custom_retina_logo":0,"ocean_custom_logo_max_width":0,"ocean_custom_logo_tablet_max_width":0,"ocean_custom_logo_mobile_max_width":0,"ocean_custom_logo_max_height":0,"ocean_custom_logo_tablet_max_height":0,"ocean_custom_logo_mobile_max_height":0,"ocean_header_custom_menu":"","ocean_menu_typo_font_family":"","ocean_menu_typo_font_subset":"","ocean_menu_typo_font_size":0,"ocean_menu_typo_font_size_tablet":0,"ocean_menu_typo_font_size_mobile":0,"ocean_menu_typo_font_size_unit":"px","ocean_menu_typo_font_weight":"","ocean_menu_typo_font_weight_tablet":"","ocean_menu_typo_font_weight_mobile":"","ocean_menu_typo_transform":"","ocean_menu_typo_transform_tablet":"","ocean_menu_typo_transform_mobile":"","ocean_menu_typo_line_height":0,"ocean_menu_typo_line_height_tablet":0,"ocean_menu_typo_line_height_mobile":0,"ocean_menu_typo_line_height_unit":"","ocean_menu_typo_spacing":0,"ocean_menu_typo_spacing_tablet":0,"ocean_menu_typo_spacing_mobile":0,"ocean_menu_typo_spacing_unit":"","ocean_menu_link_color":"","ocean_menu_link_color_hover":"","ocean_menu_link_color_active":"","ocean_menu_link_background":"","ocean_menu_link_hover_background":"","ocean_menu_link_active_background":"","ocean_menu_social_links_bg":"","ocean_menu_social_hover_links_bg":"","ocean_menu_social_links_color":"","ocean_menu_social_hover_links_color":"","ocean_disable_title":"default","ocean_disable_heading":"default","ocean_post_title":"","ocean_post_subheading":"","ocean_post_title_style":"","ocean_post_title_background_color":"","ocean_post_title_background":0,"ocean_post_title_bg_image_position":"","ocean_post_title_bg_image_attachment":"","ocean_post_title_bg_image_repeat":"","ocean_post_title_bg_image_size":"","ocean_post_title_height":0,"ocean_post_title_bg_overlay":0.5,"ocean_post_title_bg_overlay_color":"","ocean_disable_breadcrumbs":"default","ocean_breadcrumbs_color":"","ocean_breadcrumbs_separator_color":"","ocean_breadcrumbs_links_color":"","ocean_breadcrumbs_links_hover_color":"","ocean_display_footer_widgets":"default","ocean_display_footer_bottom":"default","ocean_custom_footer_template":"","ocean_post_oembed":"","ocean_post_self_hosted_media":"","ocean_post_video_embed":"","ocean_link_format":"","ocean_link_format_target":"self","ocean_quote_format":"","ocean_quote_format_link":"post","ocean_gallery_link_images":"on","ocean_gallery_id":[],"footnotes":""},"categories":[52],"tags":[],"class_list":["post-4327","post","type-post","status-publish","format-standard","has-post-thumbnail","hentry","category-portfolio","entry","has-media"],"acf":[],"yoast_head":"<!-- This site is optimized with the Yoast SEO plugin v27.5 - https:\/\/yoast.com\/product\/yoast-seo-wordpress\/ -->\n<title>Casa Passivhaus en A Capela - Tu casa cuida de t\u00ed<\/title>\n<meta name=\"robots\" content=\"index, follow, max-snippet:-1, max-image-preview:large, max-video-preview:-1\" \/>\n<link rel=\"canonical\" href=\"https:\/\/martatrigas.com\/gl\/passivhaus-a-capela\/\" \/>\n<meta property=\"og:locale\" content=\"gl_ES\" \/>\n<meta property=\"og:type\" content=\"article\" \/>\n<meta property=\"og:title\" content=\"Casa Passivhaus en A Capela - Tu casa cuida de t\u00ed\" \/>\n<meta property=\"og:description\" content=\"Casa Passivhaus en A Capela ESTE PROXECTO AFORRA 4670,55 kgCO2\/ano CERTIFICACI\u00d3N&#8211; DEMANDA DE CALEFACCI\u00d3N14 kwh\/m2a DEMANDA DE REFRIXERACI\u00d3N&#8211; &#8211; kwh\/m2a DEMANDA DE ENERX\u00cdA PRIMARIA68 kwh\/m2a HERMETICIDADE DO AIRE0,6 renovaci\u00f3ns\/h A casa Passivhaus situada en A Capela, A Coru\u00f1a, \u00e9rguese nunha gran parcela no medio dunha zona rural tradicional protexida polo Patrimonio Cultural Galego. Esta afectaci\u00f3n [&hellip;]\" \/>\n<meta property=\"og:url\" content=\"https:\/\/martatrigas.com\/gl\/passivhaus-a-capela\/\" \/>\n<meta property=\"og:site_name\" content=\"MARTA TRIGAS\" \/>\n<meta property=\"article:published_time\" content=\"2024-03-07T11:08:47+00:00\" \/>\n<meta property=\"article:modified_time\" content=\"2024-04-30T16:17:03+00:00\" \/>\n<meta property=\"og:image\" content=\"https:\/\/martatrigas.com\/wp-content\/uploads\/2022\/05\/01-1024x575.jpg\" \/>\n\t<meta property=\"og:image:width\" content=\"1024\" \/>\n\t<meta property=\"og:image:height\" content=\"575\" \/>\n\t<meta property=\"og:image:type\" content=\"image\/jpeg\" \/>\n<meta name=\"author\" content=\"martatrigas\" \/>\n<meta name=\"twitter:card\" content=\"summary_large_image\" \/>\n<meta name=\"twitter:label1\" content=\"Escrito por\" \/>\n\t<meta name=\"twitter:data1\" content=\"martatrigas\" \/>\n\t<meta name=\"twitter:label2\" content=\"Tempo de lectura\" \/>\n\t<meta name=\"twitter:data2\" content=\"2 minutos\" \/>\n<script type=\"application\/ld+json\" class=\"yoast-schema-graph\">{\"@context\":\"https:\\\/\\\/schema.org\",\"@graph\":[{\"@type\":\"Article\",\"@id\":\"https:\\\/\\\/martatrigas.com\\\/passivhaus-a-capela\\\/#article\",\"isPartOf\":{\"@id\":\"https:\\\/\\\/martatrigas.com\\\/passivhaus-a-capela\\\/\"},\"author\":{\"name\":\"martatrigas\",\"@id\":\"https:\\\/\\\/martatrigas.com\\\/#\\\/schema\\\/person\\\/81c65f4fd0df8528b5e8e97c518ffd99\"},\"headline\":\"Casa Passivhaus en A Capela\",\"datePublished\":\"2024-03-07T11:08:47+00:00\",\"dateModified\":\"2024-04-30T16:17:03+00:00\",\"mainEntityOfPage\":{\"@id\":\"https:\\\/\\\/martatrigas.com\\\/passivhaus-a-capela\\\/\"},\"wordCount\":304,\"publisher\":{\"@id\":\"https:\\\/\\\/martatrigas.com\\\/#organization\"},\"image\":{\"@id\":\"https:\\\/\\\/martatrigas.com\\\/passivhaus-a-capela\\\/#primaryimage\"},\"thumbnailUrl\":\"https:\\\/\\\/martatrigas.com\\\/wp-content\\\/uploads\\\/2022\\\/05\\\/01.jpg\",\"articleSection\":[\"Portfolio\"],\"inLanguage\":\"gl-ES\"},{\"@type\":\"WebPage\",\"@id\":\"https:\\\/\\\/martatrigas.com\\\/passivhaus-a-capela\\\/\",\"url\":\"https:\\\/\\\/martatrigas.com\\\/passivhaus-a-capela\\\/\",\"name\":\"Casa Passivhaus en A Capela - Tu casa cuida de t\u00ed\",\"isPartOf\":{\"@id\":\"https:\\\/\\\/martatrigas.com\\\/#website\"},\"primaryImageOfPage\":{\"@id\":\"https:\\\/\\\/martatrigas.com\\\/passivhaus-a-capela\\\/#primaryimage\"},\"image\":{\"@id\":\"https:\\\/\\\/martatrigas.com\\\/passivhaus-a-capela\\\/#primaryimage\"},\"thumbnailUrl\":\"https:\\\/\\\/martatrigas.com\\\/wp-content\\\/uploads\\\/2022\\\/05\\\/01.jpg\",\"datePublished\":\"2024-03-07T11:08:47+00:00\",\"dateModified\":\"2024-04-30T16:17:03+00:00\",\"breadcrumb\":{\"@id\":\"https:\\\/\\\/martatrigas.com\\\/passivhaus-a-capela\\\/#breadcrumb\"},\"inLanguage\":\"gl-ES\",\"potentialAction\":[{\"@type\":\"ReadAction\",\"target\":[\"https:\\\/\\\/martatrigas.com\\\/passivhaus-a-capela\\\/\"]}]},{\"@type\":\"ImageObject\",\"inLanguage\":\"gl-ES\",\"@id\":\"https:\\\/\\\/martatrigas.com\\\/passivhaus-a-capela\\\/#primaryimage\",\"url\":\"https:\\\/\\\/martatrigas.com\\\/wp-content\\\/uploads\\\/2022\\\/05\\\/01.jpg\",\"contentUrl\":\"https:\\\/\\\/martatrigas.com\\\/wp-content\\\/uploads\\\/2022\\\/05\\\/01.jpg\",\"width\":2500,\"height\":1405},{\"@type\":\"BreadcrumbList\",\"@id\":\"https:\\\/\\\/martatrigas.com\\\/passivhaus-a-capela\\\/#breadcrumb\",\"itemListElement\":[{\"@type\":\"ListItem\",\"position\":1,\"name\":\"Portada\",\"item\":\"https:\\\/\\\/martatrigas.com\\\/\"},{\"@type\":\"ListItem\",\"position\":2,\"name\":\"Casa Passivhaus en A Capela\"}]},{\"@type\":\"WebSite\",\"@id\":\"https:\\\/\\\/martatrigas.com\\\/#website\",\"url\":\"https:\\\/\\\/martatrigas.com\\\/\",\"name\":\"MARTA TRIGAS\",\"description\":\"Tu casa cuida de ti\",\"publisher\":{\"@id\":\"https:\\\/\\\/martatrigas.com\\\/#organization\"},\"potentialAction\":[{\"@type\":\"SearchAction\",\"target\":{\"@type\":\"EntryPoint\",\"urlTemplate\":\"https:\\\/\\\/martatrigas.com\\\/?s={search_term_string}\"},\"query-input\":{\"@type\":\"PropertyValueSpecification\",\"valueRequired\":true,\"valueName\":\"search_term_string\"}}],\"inLanguage\":\"gl-ES\"},{\"@type\":\"Organization\",\"@id\":\"https:\\\/\\\/martatrigas.com\\\/#organization\",\"name\":\"MARTA TRIGAS\",\"url\":\"https:\\\/\\\/martatrigas.com\\\/\",\"logo\":{\"@type\":\"ImageObject\",\"inLanguage\":\"gl-ES\",\"@id\":\"https:\\\/\\\/martatrigas.com\\\/#\\\/schema\\\/logo\\\/image\\\/\",\"url\":\"https:\\\/\\\/martatrigas.com\\\/wp-content\\\/uploads\\\/2025\\\/04\\\/marta-trigas-svg-white-02.svg\",\"contentUrl\":\"https:\\\/\\\/martatrigas.com\\\/wp-content\\\/uploads\\\/2025\\\/04\\\/marta-trigas-svg-white-02.svg\",\"width\":547,\"height\":143,\"caption\":\"MARTA TRIGAS\"},\"image\":{\"@id\":\"https:\\\/\\\/martatrigas.com\\\/#\\\/schema\\\/logo\\\/image\\\/\"}},{\"@type\":\"Person\",\"@id\":\"https:\\\/\\\/martatrigas.com\\\/#\\\/schema\\\/person\\\/81c65f4fd0df8528b5e8e97c518ffd99\",\"name\":\"martatrigas\",\"image\":{\"@type\":\"ImageObject\",\"inLanguage\":\"gl-ES\",\"@id\":\"https:\\\/\\\/secure.gravatar.com\\\/avatar\\\/936a3114c169e25aefb04f69ccb6be5ffe1992b2f670a737b93585d079b4e85f?s=96&d=mm&r=g\",\"url\":\"https:\\\/\\\/secure.gravatar.com\\\/avatar\\\/936a3114c169e25aefb04f69ccb6be5ffe1992b2f670a737b93585d079b4e85f?s=96&d=mm&r=g\",\"contentUrl\":\"https:\\\/\\\/secure.gravatar.com\\\/avatar\\\/936a3114c169e25aefb04f69ccb6be5ffe1992b2f670a737b93585d079b4e85f?s=96&d=mm&r=g\",\"caption\":\"martatrigas\"},\"sameAs\":[\"https:\\\/\\\/martatrigas.com\"]}]}<\/script>\n<!-- \/ Yoast SEO plugin. -->","yoast_head_json":{"title":"Casa Passivhaus en A Capela - Tu casa cuida de t\u00ed","robots":{"index":"index","follow":"follow","max-snippet":"max-snippet:-1","max-image-preview":"max-image-preview:large","max-video-preview":"max-video-preview:-1"},"canonical":"https:\/\/martatrigas.com\/gl\/passivhaus-a-capela\/","og_locale":"gl_ES","og_type":"article","og_title":"Casa Passivhaus en A Capela - Tu casa cuida de t\u00ed","og_description":"Casa Passivhaus en A Capela ESTE PROXECTO AFORRA 4670,55 kgCO2\/ano CERTIFICACI\u00d3N&#8211; DEMANDA DE CALEFACCI\u00d3N14 kwh\/m2a DEMANDA DE REFRIXERACI\u00d3N&#8211; &#8211; kwh\/m2a DEMANDA DE ENERX\u00cdA PRIMARIA68 kwh\/m2a HERMETICIDADE DO AIRE0,6 renovaci\u00f3ns\/h A casa Passivhaus situada en A Capela, A Coru\u00f1a, \u00e9rguese nunha gran parcela no medio dunha zona rural tradicional protexida polo Patrimonio Cultural Galego. Esta afectaci\u00f3n [&hellip;]","og_url":"https:\/\/martatrigas.com\/gl\/passivhaus-a-capela\/","og_site_name":"MARTA TRIGAS","article_published_time":"2024-03-07T11:08:47+00:00","article_modified_time":"2024-04-30T16:17:03+00:00","og_image":[{"width":1024,"height":575,"url":"https:\/\/martatrigas.com\/wp-content\/uploads\/2022\/05\/01-1024x575.jpg","type":"image\/jpeg"}],"author":"martatrigas","twitter_card":"summary_large_image","twitter_misc":{"Escrito por":"martatrigas","Tempo de lectura":"2 minutos"},"schema":{"@context":"https:\/\/schema.org","@graph":[{"@type":"Article","@id":"https:\/\/martatrigas.com\/passivhaus-a-capela\/#article","isPartOf":{"@id":"https:\/\/martatrigas.com\/passivhaus-a-capela\/"},"author":{"name":"martatrigas","@id":"https:\/\/martatrigas.com\/#\/schema\/person\/81c65f4fd0df8528b5e8e97c518ffd99"},"headline":"Casa Passivhaus en A Capela","datePublished":"2024-03-07T11:08:47+00:00","dateModified":"2024-04-30T16:17:03+00:00","mainEntityOfPage":{"@id":"https:\/\/martatrigas.com\/passivhaus-a-capela\/"},"wordCount":304,"publisher":{"@id":"https:\/\/martatrigas.com\/#organization"},"image":{"@id":"https:\/\/martatrigas.com\/passivhaus-a-capela\/#primaryimage"},"thumbnailUrl":"https:\/\/martatrigas.com\/wp-content\/uploads\/2022\/05\/01.jpg","articleSection":["Portfolio"],"inLanguage":"gl-ES"},{"@type":"WebPage","@id":"https:\/\/martatrigas.com\/passivhaus-a-capela\/","url":"https:\/\/martatrigas.com\/passivhaus-a-capela\/","name":"Casa Passivhaus en A Capela - Tu casa cuida de t\u00ed","isPartOf":{"@id":"https:\/\/martatrigas.com\/#website"},"primaryImageOfPage":{"@id":"https:\/\/martatrigas.com\/passivhaus-a-capela\/#primaryimage"},"image":{"@id":"https:\/\/martatrigas.com\/passivhaus-a-capela\/#primaryimage"},"thumbnailUrl":"https:\/\/martatrigas.com\/wp-content\/uploads\/2022\/05\/01.jpg","datePublished":"2024-03-07T11:08:47+00:00","dateModified":"2024-04-30T16:17:03+00:00","breadcrumb":{"@id":"https:\/\/martatrigas.com\/passivhaus-a-capela\/#breadcrumb"},"inLanguage":"gl-ES","potentialAction":[{"@type":"ReadAction","target":["https:\/\/martatrigas.com\/passivhaus-a-capela\/"]}]},{"@type":"ImageObject","inLanguage":"gl-ES","@id":"https:\/\/martatrigas.com\/passivhaus-a-capela\/#primaryimage","url":"https:\/\/martatrigas.com\/wp-content\/uploads\/2022\/05\/01.jpg","contentUrl":"https:\/\/martatrigas.com\/wp-content\/uploads\/2022\/05\/01.jpg","width":2500,"height":1405},{"@type":"BreadcrumbList","@id":"https:\/\/martatrigas.com\/passivhaus-a-capela\/#breadcrumb","itemListElement":[{"@type":"ListItem","position":1,"name":"Portada","item":"https:\/\/martatrigas.com\/"},{"@type":"ListItem","position":2,"name":"Casa Passivhaus en A Capela"}]},{"@type":"WebSite","@id":"https:\/\/martatrigas.com\/#website","url":"https:\/\/martatrigas.com\/","name":"MARTA TRIGAS","description":"A s\u00faa casa coida de ti","publisher":{"@id":"https:\/\/martatrigas.com\/#organization"},"potentialAction":[{"@type":"SearchAction","target":{"@type":"EntryPoint","urlTemplate":"https:\/\/martatrigas.com\/?s={search_term_string}"},"query-input":{"@type":"PropertyValueSpecification","valueRequired":true,"valueName":"search_term_string"}}],"inLanguage":"gl-ES"},{"@type":"Organization","@id":"https:\/\/martatrigas.com\/#organization","name":"MARTA TRIGAS","url":"https:\/\/martatrigas.com\/","logo":{"@type":"ImageObject","inLanguage":"gl-ES","@id":"https:\/\/martatrigas.com\/#\/schema\/logo\/image\/","url":"https:\/\/martatrigas.com\/wp-content\/uploads\/2025\/04\/marta-trigas-svg-white-02.svg","contentUrl":"https:\/\/martatrigas.com\/wp-content\/uploads\/2025\/04\/marta-trigas-svg-white-02.svg","width":547,"height":143,"caption":"MARTA TRIGAS"},"image":{"@id":"https:\/\/martatrigas.com\/#\/schema\/logo\/image\/"}},{"@type":"Person","@id":"https:\/\/martatrigas.com\/#\/schema\/person\/81c65f4fd0df8528b5e8e97c518ffd99","name":"martatrigas","image":{"@type":"ImageObject","inLanguage":"gl-ES","@id":"https:\/\/secure.gravatar.com\/avatar\/936a3114c169e25aefb04f69ccb6be5ffe1992b2f670a737b93585d079b4e85f?s=96&d=mm&r=g","url":"https:\/\/secure.gravatar.com\/avatar\/936a3114c169e25aefb04f69ccb6be5ffe1992b2f670a737b93585d079b4e85f?s=96&d=mm&r=g","contentUrl":"https:\/\/secure.gravatar.com\/avatar\/936a3114c169e25aefb04f69ccb6be5ffe1992b2f670a737b93585d079b4e85f?s=96&d=mm&r=g","caption":"martatrigas"},"sameAs":["https:\/\/martatrigas.com"]}]}},"_links":{"self":[{"href":"https:\/\/martatrigas.com\/gl\/wp-json\/wp\/v2\/posts\/4327","targetHints":{"allow":["GET"]}}],"collection":[{"href":"https:\/\/martatrigas.com\/gl\/wp-json\/wp\/v2\/posts"}],"about":[{"href":"https:\/\/martatrigas.com\/gl\/wp-json\/wp\/v2\/types\/post"}],"author":[{"embeddable":true,"href":"https:\/\/martatrigas.com\/gl\/wp-json\/wp\/v2\/users\/1"}],"replies":[{"embeddable":true,"href":"https:\/\/martatrigas.com\/gl\/wp-json\/wp\/v2\/comments?post=4327"}],"version-history":[{"count":40,"href":"https:\/\/martatrigas.com\/gl\/wp-json\/wp\/v2\/posts\/4327\/revisions"}],"predecessor-version":[{"id":5034,"href":"https:\/\/martatrigas.com\/gl\/wp-json\/wp\/v2\/posts\/4327\/revisions\/5034"}],"wp:featuredmedia":[{"embeddable":true,"href":"https:\/\/martatrigas.com\/gl\/wp-json\/wp\/v2\/media\/3502"}],"wp:attachment":[{"href":"https:\/\/martatrigas.com\/gl\/wp-json\/wp\/v2\/media?parent=4327"}],"wp:term":[{"taxonomy":"category","embeddable":true,"href":"https:\/\/martatrigas.com\/gl\/wp-json\/wp\/v2\/categories?post=4327"},{"taxonomy":"post_tag","embeddable":true,"href":"https:\/\/martatrigas.com\/gl\/wp-json\/wp\/v2\/tags?post=4327"}],"curies":[{"name":"wp","href":"https:\/\/api.w.org\/{rel}","templated":true}]}}